{"id":759,"date":"2025-10-25T09:48:28","date_gmt":"2025-10-25T09:48:28","guid":{"rendered":"https:\/\/www.hakojarvi.com\/?p=759"},"modified":"2025-10-25T09:48:29","modified_gmt":"2025-10-25T09:48:29","slug":"avoimet-ovet-hakojarven-kylatalolla-ja-entisella-koululla-la-su-25-26-10-2025","status":"publish","type":"post","link":"https:\/\/www.hakojarvi.com\/index.php\/2025\/10\/25\/avoimet-ovet-hakojarven-kylatalolla-ja-entisella-koululla-la-su-25-26-10-2025\/","title":{"rendered":"Avoimet ovet Hakoj\u00e4rven kyl\u00e4talolla ja entisell\u00e4 koululla la-su 25.-26.10.2025"},"content":{"rendered":"\n<figure class=\"wp-block-image size-large\"><img decoding=\"async\" loading=\"lazy\" width=\"724\" height=\"1024\" src=\"https:\/\/www.hakojarvi.com\/wp-content\/uploads\/2025\/10\/Avoimet-ovet-724x1024.png\" alt=\"\" class=\"wp-image-760\" srcset=\"https:\/\/www.hakojarvi.com\/wp-content\/uploads\/2025\/10\/Avoimet-ovet-724x1024.png 724w, https:\/\/www.hakojarvi.com\/wp-content\/uploads\/2025\/10\/Avoimet-ovet-212x300.png 212w, https:\/\/www.hakojarvi.com\/wp-content\/uploads\/2025\/10\/Avoimet-ovet-768x1086.png 768w, https:\/\/www.hakojarvi.com\/wp-content\/uploads\/2025\/10\/Avoimet-ovet-1086x1536.png 1086w, https:\/\/www.hakojarvi.com\/wp-content\/uploads\/2025\/10\/Avoimet-ovet.png 1414w\" sizes=\"(max-width: 724px) 100vw, 724px\" \/><\/figure>\n\n\n\n<p>Musiikkiesityksi\u00e4 la klo 12 &amp; 14<\/p>\n\n\n\n<p>Kyl\u00e4talon esittely la &amp; su klo 13 <\/p>\n\n\n\n<p>Arvontaa<\/p>\n\n\n\n<p>Mei\u00e4n Grilli paikalla lauantaina klo 19 &#8211; 21 <\/p>\n","protected":false},"excerpt":{"rendered":"<p>Musiikkiesityksi\u00e4 la klo 12 &amp; 14 Kyl\u00e4talon esittely la &amp; su klo 13 Arvontaa Mei\u00e4n Grilli paikalla lauantaina klo 19 &#8211; 21<\/p>\n","protected":false},"author":1,"featured_media":0,"comment_status":"closed","ping_status":"open","sticky":false,"template":"","format":"standard","meta":[],"categories":[1],"tags":[],"yoast_head":"<!-- This site is optimized with the Yoast SEO plugin v20.3 - https:\/\/yoast.com\/wordpress\/plugins\/seo\/ -->\n<title>Avoimet ovet Hakoj\u00e4rven kyl\u00e4talolla ja entisell\u00e4 koululla la-su 25.-26.10.2025 - Hakoj&auml;rvi<\/title>\n<meta name=\"description\" content=\"Avoimet ovet -tapahtuma Hakoj\u00e4rven kyl\u00e4talolla ja entisell\u00e4 koululla la -su 25.-26.10.2025.\" \/>\n<meta name=\"robots\" content=\"index, follow, max-snippet:-1, max-image-preview:large, max-video-preview:-1\" \/>\n<link rel=\"canonical\" href=\"https:\/\/www.hakojarvi.com\/index.php\/2025\/10\/25\/avoimet-ovet-hakojarven-kylatalolla-ja-entisella-koululla-la-su-25-26-10-2025\/\" \/>\n<meta property=\"og:locale\" content=\"fi_FI\" \/>\n<meta property=\"og:type\" content=\"article\" \/>\n<meta property=\"og:title\" content=\"Avoimet ovet Hakoj\u00e4rven kyl\u00e4talolla ja entisell\u00e4 koululla la-su 25.-26.10.2025 - Hakoj&auml;rvi\" \/>\n<meta property=\"og:description\" content=\"Avoimet ovet -tapahtuma Hakoj\u00e4rven kyl\u00e4talolla ja entisell\u00e4 koululla la -su 25.-26.10.2025.\" \/>\n<meta property=\"og:url\" content=\"https:\/\/www.hakojarvi.com\/index.php\/2025\/10\/25\/avoimet-ovet-hakojarven-kylatalolla-ja-entisella-koululla-la-su-25-26-10-2025\/\" \/>\n<meta property=\"og:site_name\" content=\"Hakoj&auml;rvi\" \/>\n<meta property=\"article:published_time\" content=\"2025-10-25T09:48:28+00:00\" \/>\n<meta property=\"article:modified_time\" content=\"2025-10-25T09:48:29+00:00\" \/>\n<meta property=\"og:image\" content=\"https:\/\/www.hakojarvi.com\/wp-content\/uploads\/2025\/10\/Avoimet-ovet-724x1024.png\" \/>\n<meta name=\"author\" content=\"Hakoj\u00e4rven kyl\u00e4sivut\" \/>\n<meta name=\"twitter:card\" content=\"summary_large_image\" \/>\n<meta name=\"twitter:label1\" content=\"Kirjoittanut\" \/>\n\t<meta name=\"twitter:data1\" content=\"Hakoj\u00e4rven kyl\u00e4sivut\" \/>\n\t<meta name=\"twitter:label2\" content=\"Arvioitu lukuaika\" \/>\n\t<meta name=\"twitter:data2\" content=\"1 minuutti\" \/>\n<script type=\"application\/ld+json\" class=\"yoast-schema-graph\">{\"@context\":\"https:\/\/schema.org\",\"@graph\":[{\"@type\":\"WebPage\",\"@id\":\"https:\/\/www.hakojarvi.com\/index.php\/2025\/10\/25\/avoimet-ovet-hakojarven-kylatalolla-ja-entisella-koululla-la-su-25-26-10-2025\/\",\"url\":\"https:\/\/www.hakojarvi.com\/index.php\/2025\/10\/25\/avoimet-ovet-hakojarven-kylatalolla-ja-entisella-koululla-la-su-25-26-10-2025\/\",\"name\":\"Avoimet ovet Hakoj\u00e4rven kyl\u00e4talolla ja entisell\u00e4 koululla la-su 25.-26.10.2025 - Hakoj&auml;rvi\",\"isPartOf\":{\"@id\":\"https:\/\/www.hakojarvi.com\/#website\"},\"datePublished\":\"2025-10-25T09:48:28+00:00\",\"dateModified\":\"2025-10-25T09:48:29+00:00\",\"author\":{\"@id\":\"https:\/\/www.hakojarvi.com\/#\/schema\/person\/64e03f8016626ac0c6048e52f9ee4577\"},\"description\":\"Avoimet ovet -tapahtuma Hakoj\u00e4rven kyl\u00e4talolla ja entisell\u00e4 koululla la -su 25.-26.10.2025.\",\"breadcrumb\":{\"@id\":\"https:\/\/www.hakojarvi.com\/index.php\/2025\/10\/25\/avoimet-ovet-hakojarven-kylatalolla-ja-entisella-koululla-la-su-25-26-10-2025\/#breadcrumb\"},\"inLanguage\":\"fi\",\"potentialAction\":[{\"@type\":\"ReadAction\",\"target\":[\"https:\/\/www.hakojarvi.com\/index.php\/2025\/10\/25\/avoimet-ovet-hakojarven-kylatalolla-ja-entisella-koululla-la-su-25-26-10-2025\/\"]}]},{\"@type\":\"BreadcrumbList\",\"@id\":\"https:\/\/www.hakojarvi.com\/index.php\/2025\/10\/25\/avoimet-ovet-hakojarven-kylatalolla-ja-entisella-koululla-la-su-25-26-10-2025\/#breadcrumb\",\"itemListElement\":[{\"@type\":\"ListItem\",\"position\":1,\"name\":\"Etusivu\",\"item\":\"https:\/\/www.hakojarvi.com\/\"},{\"@type\":\"ListItem\",\"position\":2,\"name\":\"Avoimet ovet Hakoj\u00e4rven kyl\u00e4talolla ja entisell\u00e4 koululla la-su 25.-26.10.2025\"}]},{\"@type\":\"WebSite\",\"@id\":\"https:\/\/www.hakojarvi.com\/#website\",\"url\":\"https:\/\/www.hakojarvi.com\/\",\"name\":\"Hakoj&auml;rvi\",\"description\":\"mulle mukava kyl&auml;\",\"potentialAction\":[{\"@type\":\"SearchAction\",\"target\":{\"@type\":\"EntryPoint\",\"urlTemplate\":\"https:\/\/www.hakojarvi.com\/?s={search_term_string}\"},\"query-input\":\"required name=search_term_string\"}],\"inLanguage\":\"fi\"},{\"@type\":\"Person\",\"@id\":\"https:\/\/www.hakojarvi.com\/#\/schema\/person\/64e03f8016626ac0c6048e52f9ee4577\",\"name\":\"Hakoj\u00e4rven kyl\u00e4sivut\",\"image\":{\"@type\":\"ImageObject\",\"inLanguage\":\"fi\",\"@id\":\"https:\/\/www.hakojarvi.com\/#\/schema\/person\/image\/\",\"url\":\"https:\/\/secure.gravatar.com\/avatar\/50a572f894d7fcd83569dadb1f7b71f5?s=96&d=mm&r=g\",\"contentUrl\":\"https:\/\/secure.gravatar.com\/avatar\/50a572f894d7fcd83569dadb1f7b71f5?s=96&d=mm&r=g\",\"caption\":\"Hakoj\u00e4rven kyl\u00e4sivut\"},\"url\":\"https:\/\/www.hakojarvi.com\/index.php\/author\/admin\/\"}]}<\/script>\n<!-- \/ Yoast SEO plugin. -->","yoast_head_json":{"title":"Avoimet ovet Hakoj\u00e4rven kyl\u00e4talolla ja entisell\u00e4 koululla la-su 25.-26.10.2025 - Hakoj&auml;rvi","description":"Avoimet ovet -tapahtuma Hakoj\u00e4rven kyl\u00e4talolla ja entisell\u00e4 koululla la -su 25.-26.10.2025.","robots":{"index":"index","follow":"follow","max-snippet":"max-snippet:-1","max-image-preview":"max-image-preview:large","max-video-preview":"max-video-preview:-1"},"canonical":"https:\/\/www.hakojarvi.com\/index.php\/2025\/10\/25\/avoimet-ovet-hakojarven-kylatalolla-ja-entisella-koululla-la-su-25-26-10-2025\/","og_locale":"fi_FI","og_type":"article","og_title":"Avoimet ovet Hakoj\u00e4rven kyl\u00e4talolla ja entisell\u00e4 koululla la-su 25.-26.10.2025 - Hakoj&auml;rvi","og_description":"Avoimet ovet -tapahtuma Hakoj\u00e4rven kyl\u00e4talolla ja entisell\u00e4 koululla la -su 25.-26.10.2025.","og_url":"https:\/\/www.hakojarvi.com\/index.php\/2025\/10\/25\/avoimet-ovet-hakojarven-kylatalolla-ja-entisella-koululla-la-su-25-26-10-2025\/","og_site_name":"Hakoj&auml;rvi","article_published_time":"2025-10-25T09:48:28+00:00","article_modified_time":"2025-10-25T09:48:29+00:00","og_image":[{"url":"https:\/\/www.hakojarvi.com\/wp-content\/uploads\/2025\/10\/Avoimet-ovet-724x1024.png"}],"author":"Hakoj\u00e4rven kyl\u00e4sivut","twitter_card":"summary_large_image","twitter_misc":{"Kirjoittanut":"Hakoj\u00e4rven kyl\u00e4sivut","Arvioitu lukuaika":"1 minuutti"},"schema":{"@context":"https:\/\/schema.org","@graph":[{"@type":"WebPage","@id":"https:\/\/www.hakojarvi.com\/index.php\/2025\/10\/25\/avoimet-ovet-hakojarven-kylatalolla-ja-entisella-koululla-la-su-25-26-10-2025\/","url":"https:\/\/www.hakojarvi.com\/index.php\/2025\/10\/25\/avoimet-ovet-hakojarven-kylatalolla-ja-entisella-koululla-la-su-25-26-10-2025\/","name":"Avoimet ovet Hakoj\u00e4rven kyl\u00e4talolla ja entisell\u00e4 koululla la-su 25.-26.10.2025 - Hakoj&auml;rvi","isPartOf":{"@id":"https:\/\/www.hakojarvi.com\/#website"},"datePublished":"2025-10-25T09:48:28+00:00","dateModified":"2025-10-25T09:48:29+00:00","author":{"@id":"https:\/\/www.hakojarvi.com\/#\/schema\/person\/64e03f8016626ac0c6048e52f9ee4577"},"description":"Avoimet ovet -tapahtuma Hakoj\u00e4rven kyl\u00e4talolla ja entisell\u00e4 koululla la -su 25.-26.10.2025.","breadcrumb":{"@id":"https:\/\/www.hakojarvi.com\/index.php\/2025\/10\/25\/avoimet-ovet-hakojarven-kylatalolla-ja-entisella-koululla-la-su-25-26-10-2025\/#breadcrumb"},"inLanguage":"fi","potentialAction":[{"@type":"ReadAction","target":["https:\/\/www.hakojarvi.com\/index.php\/2025\/10\/25\/avoimet-ovet-hakojarven-kylatalolla-ja-entisella-koululla-la-su-25-26-10-2025\/"]}]},{"@type":"BreadcrumbList","@id":"https:\/\/www.hakojarvi.com\/index.php\/2025\/10\/25\/avoimet-ovet-hakojarven-kylatalolla-ja-entisella-koululla-la-su-25-26-10-2025\/#breadcrumb","itemListElement":[{"@type":"ListItem","position":1,"name":"Etusivu","item":"https:\/\/www.hakojarvi.com\/"},{"@type":"ListItem","position":2,"name":"Avoimet ovet Hakoj\u00e4rven kyl\u00e4talolla ja entisell\u00e4 koululla la-su 25.-26.10.2025"}]},{"@type":"WebSite","@id":"https:\/\/www.hakojarvi.com\/#website","url":"https:\/\/www.hakojarvi.com\/","name":"Hakoj&auml;rvi","description":"mulle mukava kyl&auml;","potentialAction":[{"@type":"SearchAction","target":{"@type":"EntryPoint","urlTemplate":"https:\/\/www.hakojarvi.com\/?s={search_term_string}"},"query-input":"required name=search_term_string"}],"inLanguage":"fi"},{"@type":"Person","@id":"https:\/\/www.hakojarvi.com\/#\/schema\/person\/64e03f8016626ac0c6048e52f9ee4577","name":"Hakoj\u00e4rven kyl\u00e4sivut","image":{"@type":"ImageObject","inLanguage":"fi","@id":"https:\/\/www.hakojarvi.com\/#\/schema\/person\/image\/","url":"https:\/\/secure.gravatar.com\/avatar\/50a572f894d7fcd83569dadb1f7b71f5?s=96&d=mm&r=g","contentUrl":"https:\/\/secure.gravatar.com\/avatar\/50a572f894d7fcd83569dadb1f7b71f5?s=96&d=mm&r=g","caption":"Hakoj\u00e4rven kyl\u00e4sivut"},"url":"https:\/\/www.hakojarvi.com\/index.php\/author\/admin\/"}]}},"_links":{"self":[{"href":"https:\/\/www.hakojarvi.com\/index.php\/wp-json\/wp\/v2\/posts\/759"}],"collection":[{"href":"https:\/\/www.hakojarvi.com\/index.php\/wp-json\/wp\/v2\/posts"}],"about":[{"href":"https:\/\/www.hakojarvi.com\/index.php\/wp-json\/wp\/v2\/types\/post"}],"author":[{"embeddable":true,"href":"https:\/\/www.hakojarvi.com\/index.php\/wp-json\/wp\/v2\/users\/1"}],"replies":[{"embeddable":true,"href":"https:\/\/www.hakojarvi.com\/index.php\/wp-json\/wp\/v2\/comments?post=759"}],"version-history":[{"count":1,"href":"https:\/\/www.hakojarvi.com\/index.php\/wp-json\/wp\/v2\/posts\/759\/revisions"}],"predecessor-version":[{"id":761,"href":"https:\/\/www.hakojarvi.com\/index.php\/wp-json\/wp\/v2\/posts\/759\/revisions\/761"}],"wp:attachment":[{"href":"https:\/\/www.hakojarvi.com\/index.php\/wp-json\/wp\/v2\/media?parent=759"}],"wp:term":[{"taxonomy":"category","embeddable":true,"href":"https:\/\/www.hakojarvi.com\/index.php\/wp-json\/wp\/v2\/categories?post=759"},{"taxonomy":"post_tag","embeddable":true,"href":"https:\/\/www.hakojarvi.com\/index.php\/wp-json\/wp\/v2\/tags?post=759"}],"curies":[{"name":"wp","href":"https:\/\/api.w.org\/{rel}","templated":true}]}}