{"id":225,"date":"2022-02-02T18:03:38","date_gmt":"2022-02-02T18:03:38","guid":{"rendered":"https:\/\/www.hakojarvi.com\/?p=225"},"modified":"2022-02-02T18:03:38","modified_gmt":"2022-02-02T18:03:38","slug":"kylatiedote-1-2022","status":"publish","type":"post","link":"https:\/\/www.hakojarvi.com\/index.php\/2022\/02\/02\/kylatiedote-1-2022\/","title":{"rendered":"KYL\u00c4TIEDOTE 1\/2022"},"content":{"rendered":"\n<figure class=\"wp-block-image size-full\"><img decoding=\"async\" loading=\"lazy\" width=\"375\" height=\"166\" src=\"https:\/\/www.hakojarvi.com\/wp-content\/uploads\/2022\/02\/image.png\" alt=\"\" class=\"wp-image-226\" srcset=\"https:\/\/www.hakojarvi.com\/wp-content\/uploads\/2022\/02\/image.png 375w, https:\/\/www.hakojarvi.com\/wp-content\/uploads\/2022\/02\/image-300x133.png 300w\" sizes=\"(max-width: 375px) 100vw, 375px\" \/><\/figure>\n\n\n\n<p><strong>Alavuden kaupunginhallitus on asettanut ty\u00f6ryhm\u00e4n k\u00e4sittelem\u00e4\u00e4n kouluverkon muutoksia.<\/strong> Ty\u00f6ryhm\u00e4n teht\u00e4v\u00e4n\u00e4 on selvitt\u00e4\u00e4 kouluverkon eri vaihtoehtojen kustannukset ja s\u00e4\u00e4st\u00f6t, edut ja haitat sek\u00e4 laatia kouluverkon ja pienten lasten koulujen kehitt\u00e4mist\u00e4 koskeva suunnitelma alkusyksyyn 2022 menness\u00e4. Kaupunginhallitus on nimennyt ty\u00f6ryhm\u00e4\u00e4n virkamiesten edustajaksi kaupunginjohtajan ja sivistysjohtajan ja ty\u00f6ntekij\u00f6iden edustajaksi opetusp\u00e4\u00e4llik\u00f6n. Lis\u00e4ksi ty\u00f6ryhm\u00e4\u00e4n kuuluu enint\u00e4\u00e4n kaksi valtuutettua jokaisesta valtuustoryhm\u00e4st\u00e4 sek\u00e4 kylien edustaja Hakoj\u00e4rvelt\u00e4, Sulkavankyl\u00e4lt\u00e4 ja Syd\u00e4nmaalta. Hakoj\u00e4rven kyl\u00e4yhdistys on <strong>nimennyt ty\u00f6ryhm\u00e4\u00e4n Marjo Hirvel\u00e4<\/strong>n ja varaj\u00e4seneksi <strong>Kati Haapa-aho<\/strong>n.<br><br>Marjoon voi olla asian tiimoilta yhteydess\u00e4 (puh.nro. 040 \u2013 7554186). <br>Erityisesti seuraavista asioista kaivataan yhteydenottoa:<\/p>\n\n\n\n<ul><li>Jos asut koulupiirin rajalla ja harkitset lapsesi koulupaikaksi Hakoj\u00e4rve\u00e4, ilmoita aikeistasi ajoissa, jotta asia voidaan huomioida oppilasm\u00e4\u00e4r\u00e4ennusteissa.<\/li><li>Jos tied\u00e4t lapsiperheen, joka olisi muuttamassa l\u00e4hiaikoina Hakoj\u00e4rvelle.<\/li><li>Jos lapsesi siirtyisi kouluverkon supistamisen my\u00f6t\u00e4 \u00c4ht\u00e4riin kouluun.<\/li><\/ul>\n\n\n\n<p><strong>Kyl\u00e4yhdistys ker\u00e4\u00e4 tietoa lapsiperheille sopivista vuokra-asunnoista<\/strong>, joita voisi tarjota esim. kyl\u00e4n nettisivujen kautta. T\u00e4ll\u00e4 hetkell\u00e4 vuokra-asuntotilanne Hakoj\u00e4rven osalta on huono, eik\u00e4 esimerkiksi Alavuden kaupungin nettisivujen kautta tarjota vuokra-asuntoja Hakoj\u00e4rvelt\u00e4 ollenkaan.<br><br>Jos Sinulla olisi tarjota lapsiperheille sopiva asunto vuokralle, ole yhteydess\u00e4 Ari Hakolaan (puh.nro. 050 \u2013 3736954) tai Marjo Hirvel\u00e4\u00e4n (puh.nro. 040 \u2013 7554186).<\/p>\n\n\n\n<p>Kyl\u00e4yhdistys on k\u00e4ynnist\u00e4m\u00e4ss\u00e4 hanketta <strong>Nuorten toimitilasta<\/strong>, joka tulisi kyl\u00e4talon taakse kodan l\u00e4hist\u00f6ll\u00e4 sijaitsevaan rakennukseen.<\/p>\n\n\n\n<p>Kyl\u00e4yhdistys selvitt\u00e4\u00e4 <strong>matkaparkin perustamista<\/strong> karavaanareille osana YTY\u00c4kyl\u00e4 -hanketta.<\/p>\n\n\n\n<p>Koululta on vedetty <strong>latu \u201dMatin majalle\u201d<\/strong>, hiihtomatkaksi tulee 15 km edestakaisin.<\/p>\n\n\n\n<p><strong>Kyl\u00e4yhdistyksen vuosikokous pidet\u00e4\u00e4n sunnuntaina 20.3.2022<\/strong> klo 13 alkaen kyl\u00e4talolla. Tervetuloa!<\/p>\n\n\n\n<p>K\u00e4yth\u00e4n katsomassa kyl\u00e4n uudet nettisivut: <a href=\"https:\/\/www.hakojarvi.com\">www.hakojarvi.com<\/a><\/p>\n\n\n\n<p>Facebook ja instagram: Hakoj\u00e4rven kyl\u00e4<\/p>\n\n\n\n<p><strong>Hyv\u00e4\u00e4 talven jatkoa!<\/strong><\/p>\n","protected":false},"excerpt":{"rendered":"<p>Alavuden kaupunginhallitus on asettanut ty\u00f6ryhm\u00e4n k\u00e4sittelem\u00e4\u00e4n kouluverkon muutoksia. Ty\u00f6ryhm\u00e4n teht\u00e4v\u00e4n\u00e4 on selvitt\u00e4\u00e4 kouluverkon eri vaihtoehtojen kustannukset ja s\u00e4\u00e4st\u00f6t, edut ja haitat sek\u00e4 laatia kouluverkon ja pienten lasten koulujen kehitt\u00e4mist\u00e4 koskeva suunnitelma alkusyksyyn 2022 menness\u00e4. Kaupunginhallitus on nimennyt ty\u00f6ryhm\u00e4\u00e4n virkamiesten edustajaksi kaupunginjohtajan ja sivistysjohtajan ja ty\u00f6ntekij\u00f6iden edustajaksi opetusp\u00e4\u00e4llik\u00f6n. Lis\u00e4ksi ty\u00f6ryhm\u00e4\u00e4n kuuluu enint\u00e4\u00e4n kaksi valtuutettua jokaisesta valtuustoryhm\u00e4st\u00e4 &hellip; <\/p>\n<p class=\"link-more\"><a href=\"https:\/\/www.hakojarvi.com\/index.php\/2022\/02\/02\/kylatiedote-1-2022\/\" class=\"more-link\">Read more<span class=\"screen-reader-text\"> &#8221;KYL\u00c4TIEDOTE 1\/2022&#8221;<\/span><\/a><\/p>\n","protected":false},"author":1,"featured_media":0,"comment_status":"closed","ping_status":"open","sticky":false,"template":"","format":"standard","meta":[],"categories":[1],"tags":[],"yoast_head":"<!-- This site is optimized with the Yoast SEO plugin v20.3 - https:\/\/yoast.com\/wordpress\/plugins\/seo\/ -->\n<title>KYL\u00c4TIEDOTE 1\/2022 - Hakoj&auml;rvi<\/title>\n<meta name=\"robots\" content=\"index, follow, max-snippet:-1, max-image-preview:large, max-video-preview:-1\" \/>\n<link rel=\"canonical\" href=\"https:\/\/www.hakojarvi.com\/index.php\/2022\/02\/02\/kylatiedote-1-2022\/\" \/>\n<meta property=\"og:locale\" content=\"fi_FI\" \/>\n<meta property=\"og:type\" content=\"article\" \/>\n<meta property=\"og:title\" content=\"KYL\u00c4TIEDOTE 1\/2022 - Hakoj&auml;rvi\" \/>\n<meta property=\"og:description\" content=\"Alavuden kaupunginhallitus on asettanut ty\u00f6ryhm\u00e4n k\u00e4sittelem\u00e4\u00e4n kouluverkon muutoksia. Ty\u00f6ryhm\u00e4n teht\u00e4v\u00e4n\u00e4 on selvitt\u00e4\u00e4 kouluverkon eri vaihtoehtojen kustannukset ja s\u00e4\u00e4st\u00f6t, edut ja haitat sek\u00e4 laatia kouluverkon ja pienten lasten koulujen kehitt\u00e4mist\u00e4 koskeva suunnitelma alkusyksyyn 2022 menness\u00e4. Kaupunginhallitus on nimennyt ty\u00f6ryhm\u00e4\u00e4n virkamiesten edustajaksi kaupunginjohtajan ja sivistysjohtajan ja ty\u00f6ntekij\u00f6iden edustajaksi opetusp\u00e4\u00e4llik\u00f6n. Lis\u00e4ksi ty\u00f6ryhm\u00e4\u00e4n kuuluu enint\u00e4\u00e4n kaksi valtuutettua jokaisesta valtuustoryhm\u00e4st\u00e4 &hellip; Read more &quot;KYL\u00c4TIEDOTE 1\/2022&quot;\" \/>\n<meta property=\"og:url\" content=\"https:\/\/www.hakojarvi.com\/index.php\/2022\/02\/02\/kylatiedote-1-2022\/\" \/>\n<meta property=\"og:site_name\" content=\"Hakoj&auml;rvi\" \/>\n<meta property=\"article:published_time\" content=\"2022-02-02T18:03:38+00:00\" \/>\n<meta property=\"og:image\" content=\"https:\/\/www.hakojarvi.com\/wp-content\/uploads\/2022\/02\/image.png\" \/>\n<meta name=\"author\" content=\"Hakoj\u00e4rven kyl\u00e4sivut\" \/>\n<meta name=\"twitter:card\" content=\"summary_large_image\" \/>\n<meta name=\"twitter:label1\" content=\"Kirjoittanut\" \/>\n\t<meta name=\"twitter:data1\" content=\"Hakoj\u00e4rven kyl\u00e4sivut\" \/>\n\t<meta name=\"twitter:label2\" content=\"Arvioitu lukuaika\" \/>\n\t<meta name=\"twitter:data2\" content=\"1 minuutti\" \/>\n<script type=\"application\/ld+json\" class=\"yoast-schema-graph\">{\"@context\":\"https:\/\/schema.org\",\"@graph\":[{\"@type\":\"WebPage\",\"@id\":\"https:\/\/www.hakojarvi.com\/index.php\/2022\/02\/02\/kylatiedote-1-2022\/\",\"url\":\"https:\/\/www.hakojarvi.com\/index.php\/2022\/02\/02\/kylatiedote-1-2022\/\",\"name\":\"KYL\u00c4TIEDOTE 1\/2022 - Hakoj&auml;rvi\",\"isPartOf\":{\"@id\":\"https:\/\/www.hakojarvi.com\/#website\"},\"datePublished\":\"2022-02-02T18:03:38+00:00\",\"dateModified\":\"2022-02-02T18:03:38+00:00\",\"author\":{\"@id\":\"https:\/\/www.hakojarvi.com\/#\/schema\/person\/64e03f8016626ac0c6048e52f9ee4577\"},\"breadcrumb\":{\"@id\":\"https:\/\/www.hakojarvi.com\/index.php\/2022\/02\/02\/kylatiedote-1-2022\/#breadcrumb\"},\"inLanguage\":\"fi\",\"potentialAction\":[{\"@type\":\"ReadAction\",\"target\":[\"https:\/\/www.hakojarvi.com\/index.php\/2022\/02\/02\/kylatiedote-1-2022\/\"]}]},{\"@type\":\"BreadcrumbList\",\"@id\":\"https:\/\/www.hakojarvi.com\/index.php\/2022\/02\/02\/kylatiedote-1-2022\/#breadcrumb\",\"itemListElement\":[{\"@type\":\"ListItem\",\"position\":1,\"name\":\"Etusivu\",\"item\":\"https:\/\/www.hakojarvi.com\/\"},{\"@type\":\"ListItem\",\"position\":2,\"name\":\"KYL\u00c4TIEDOTE 1\/2022\"}]},{\"@type\":\"WebSite\",\"@id\":\"https:\/\/www.hakojarvi.com\/#website\",\"url\":\"https:\/\/www.hakojarvi.com\/\",\"name\":\"Hakoj&auml;rvi\",\"description\":\"mulle mukava kyl&auml;\",\"potentialAction\":[{\"@type\":\"SearchAction\",\"target\":{\"@type\":\"EntryPoint\",\"urlTemplate\":\"https:\/\/www.hakojarvi.com\/?s={search_term_string}\"},\"query-input\":\"required name=search_term_string\"}],\"inLanguage\":\"fi\"},{\"@type\":\"Person\",\"@id\":\"https:\/\/www.hakojarvi.com\/#\/schema\/person\/64e03f8016626ac0c6048e52f9ee4577\",\"name\":\"Hakoj\u00e4rven kyl\u00e4sivut\",\"image\":{\"@type\":\"ImageObject\",\"inLanguage\":\"fi\",\"@id\":\"https:\/\/www.hakojarvi.com\/#\/schema\/person\/image\/\",\"url\":\"https:\/\/secure.gravatar.com\/avatar\/50a572f894d7fcd83569dadb1f7b71f5?s=96&d=mm&r=g\",\"contentUrl\":\"https:\/\/secure.gravatar.com\/avatar\/50a572f894d7fcd83569dadb1f7b71f5?s=96&d=mm&r=g\",\"caption\":\"Hakoj\u00e4rven kyl\u00e4sivut\"},\"url\":\"https:\/\/www.hakojarvi.com\/index.php\/author\/admin\/\"}]}<\/script>\n<!-- \/ Yoast SEO plugin. -->","yoast_head_json":{"title":"KYL\u00c4TIEDOTE 1\/2022 - Hakoj&auml;rvi","robots":{"index":"index","follow":"follow","max-snippet":"max-snippet:-1","max-image-preview":"max-image-preview:large","max-video-preview":"max-video-preview:-1"},"canonical":"https:\/\/www.hakojarvi.com\/index.php\/2022\/02\/02\/kylatiedote-1-2022\/","og_locale":"fi_FI","og_type":"article","og_title":"KYL\u00c4TIEDOTE 1\/2022 - Hakoj&auml;rvi","og_description":"Alavuden kaupunginhallitus on asettanut ty\u00f6ryhm\u00e4n k\u00e4sittelem\u00e4\u00e4n kouluverkon muutoksia. Ty\u00f6ryhm\u00e4n teht\u00e4v\u00e4n\u00e4 on selvitt\u00e4\u00e4 kouluverkon eri vaihtoehtojen kustannukset ja s\u00e4\u00e4st\u00f6t, edut ja haitat sek\u00e4 laatia kouluverkon ja pienten lasten koulujen kehitt\u00e4mist\u00e4 koskeva suunnitelma alkusyksyyn 2022 menness\u00e4. Kaupunginhallitus on nimennyt ty\u00f6ryhm\u00e4\u00e4n virkamiesten edustajaksi kaupunginjohtajan ja sivistysjohtajan ja ty\u00f6ntekij\u00f6iden edustajaksi opetusp\u00e4\u00e4llik\u00f6n. Lis\u00e4ksi ty\u00f6ryhm\u00e4\u00e4n kuuluu enint\u00e4\u00e4n kaksi valtuutettua jokaisesta valtuustoryhm\u00e4st\u00e4 &hellip; Read more \"KYL\u00c4TIEDOTE 1\/2022\"","og_url":"https:\/\/www.hakojarvi.com\/index.php\/2022\/02\/02\/kylatiedote-1-2022\/","og_site_name":"Hakoj&auml;rvi","article_published_time":"2022-02-02T18:03:38+00:00","og_image":[{"url":"https:\/\/www.hakojarvi.com\/wp-content\/uploads\/2022\/02\/image.png"}],"author":"Hakoj\u00e4rven kyl\u00e4sivut","twitter_card":"summary_large_image","twitter_misc":{"Kirjoittanut":"Hakoj\u00e4rven kyl\u00e4sivut","Arvioitu lukuaika":"1 minuutti"},"schema":{"@context":"https:\/\/schema.org","@graph":[{"@type":"WebPage","@id":"https:\/\/www.hakojarvi.com\/index.php\/2022\/02\/02\/kylatiedote-1-2022\/","url":"https:\/\/www.hakojarvi.com\/index.php\/2022\/02\/02\/kylatiedote-1-2022\/","name":"KYL\u00c4TIEDOTE 1\/2022 - Hakoj&auml;rvi","isPartOf":{"@id":"https:\/\/www.hakojarvi.com\/#website"},"datePublished":"2022-02-02T18:03:38+00:00","dateModified":"2022-02-02T18:03:38+00:00","author":{"@id":"https:\/\/www.hakojarvi.com\/#\/schema\/person\/64e03f8016626ac0c6048e52f9ee4577"},"breadcrumb":{"@id":"https:\/\/www.hakojarvi.com\/index.php\/2022\/02\/02\/kylatiedote-1-2022\/#breadcrumb"},"inLanguage":"fi","potentialAction":[{"@type":"ReadAction","target":["https:\/\/www.hakojarvi.com\/index.php\/2022\/02\/02\/kylatiedote-1-2022\/"]}]},{"@type":"BreadcrumbList","@id":"https:\/\/www.hakojarvi.com\/index.php\/2022\/02\/02\/kylatiedote-1-2022\/#breadcrumb","itemListElement":[{"@type":"ListItem","position":1,"name":"Etusivu","item":"https:\/\/www.hakojarvi.com\/"},{"@type":"ListItem","position":2,"name":"KYL\u00c4TIEDOTE 1\/2022"}]},{"@type":"WebSite","@id":"https:\/\/www.hakojarvi.com\/#website","url":"https:\/\/www.hakojarvi.com\/","name":"Hakoj&auml;rvi","description":"mulle mukava kyl&auml;","potentialAction":[{"@type":"SearchAction","target":{"@type":"EntryPoint","urlTemplate":"https:\/\/www.hakojarvi.com\/?s={search_term_string}"},"query-input":"required name=search_term_string"}],"inLanguage":"fi"},{"@type":"Person","@id":"https:\/\/www.hakojarvi.com\/#\/schema\/person\/64e03f8016626ac0c6048e52f9ee4577","name":"Hakoj\u00e4rven kyl\u00e4sivut","image":{"@type":"ImageObject","inLanguage":"fi","@id":"https:\/\/www.hakojarvi.com\/#\/schema\/person\/image\/","url":"https:\/\/secure.gravatar.com\/avatar\/50a572f894d7fcd83569dadb1f7b71f5?s=96&d=mm&r=g","contentUrl":"https:\/\/secure.gravatar.com\/avatar\/50a572f894d7fcd83569dadb1f7b71f5?s=96&d=mm&r=g","caption":"Hakoj\u00e4rven kyl\u00e4sivut"},"url":"https:\/\/www.hakojarvi.com\/index.php\/author\/admin\/"}]}},"_links":{"self":[{"href":"https:\/\/www.hakojarvi.com\/index.php\/wp-json\/wp\/v2\/posts\/225"}],"collection":[{"href":"https:\/\/www.hakojarvi.com\/index.php\/wp-json\/wp\/v2\/posts"}],"about":[{"href":"https:\/\/www.hakojarvi.com\/index.php\/wp-json\/wp\/v2\/types\/post"}],"author":[{"embeddable":true,"href":"https:\/\/www.hakojarvi.com\/index.php\/wp-json\/wp\/v2\/users\/1"}],"replies":[{"embeddable":true,"href":"https:\/\/www.hakojarvi.com\/index.php\/wp-json\/wp\/v2\/comments?post=225"}],"version-history":[{"count":1,"href":"https:\/\/www.hakojarvi.com\/index.php\/wp-json\/wp\/v2\/posts\/225\/revisions"}],"predecessor-version":[{"id":227,"href":"https:\/\/www.hakojarvi.com\/index.php\/wp-json\/wp\/v2\/posts\/225\/revisions\/227"}],"wp:attachment":[{"href":"https:\/\/www.hakojarvi.com\/index.php\/wp-json\/wp\/v2\/media?parent=225"}],"wp:term":[{"taxonomy":"category","embeddable":true,"href":"https:\/\/www.hakojarvi.com\/index.php\/wp-json\/wp\/v2\/categories?post=225"},{"taxonomy":"post_tag","embeddable":true,"href":"https:\/\/www.hakojarvi.com\/index.php\/wp-json\/wp\/v2\/tags?post=225"}],"curies":[{"name":"wp","href":"https:\/\/api.w.org\/{rel}","templated":true}]}}